{"id":946,"date":"2023-11-15T16:39:46","date_gmt":"2023-11-15T19:39:46","guid":{"rendered":"https:\/\/www.grupomotta.com\/semana-mundial-del-huevo-copy\/"},"modified":"2023-11-16T08:33:31","modified_gmt":"2023-11-16T11:33:31","slug":"grupo-motta-en-la-expo-avicola-y-porcinos-2023","status":"publish","type":"post","link":"https:\/\/www.grupomotta.com\/en\/grupo-motta-en-la-expo-avicola-y-porcinos-2023\/","title":{"rendered":"Grupo Motta en la Expo Av\u00edcola y Porcinos 2023"},"content":{"rendered":"<h1><strong>Grupo Motta en la Expo Av\u00edcola y Porcinos 2023<\/strong><\/h1>\n<p><em>Unidos para ser Grandes.<\/em><\/p>\n<hr \/>\n<p>&nbsp;<\/p>\n<p>Grupo Motta particip\u00f3 de la Expo Av\u00edcola 2023 que se llev\u00f3 a cabo en la Rural de Palermo, en CABA, del 8 al 10 de noviembre. En esta oportunidad el stand present\u00f3 el lema \u201cUnidos para ser grandes\u201d reflejando su vocaci\u00f3n de crecimiento constante, basado en el talento de sus recursos humanos y en su involucramiento con la comunidad.<\/p>\n<p>El evento fue el \u00e1mbito propicio para que los participantes puedan establecer conexiones entre clientes y proveedores, demostrando la integraci\u00f3n de la cadena de valor con las inversiones actuales, en un a\u00f1o desafiante, atravesado por el impacto de la influenza aviar.<\/p>\n<p>&nbsp;<\/p>\n<p><img decoding=\"async\" loading=\"lazy\" class=\"alignnone wp-image-951\" src=\"https:\/\/www.grupomotta.com\/wp-content\/uploads\/2023\/11\/foto1-300x185.png\" alt=\"\" width=\"663\" height=\"409\" srcset=\"https:\/\/www.grupomotta.com\/wp-content\/uploads\/2023\/11\/foto1-300x185.png 300w, https:\/\/www.grupomotta.com\/wp-content\/uploads\/2023\/11\/foto1-1024x630.png 1024w, https:\/\/www.grupomotta.com\/wp-content\/uploads\/2023\/11\/foto1-18x12.png 18w, https:\/\/www.grupomotta.com\/wp-content\/uploads\/2023\/11\/foto1.png 1200w\" sizes=\"(max-width: 663px) 100vw, 663px\" \/><\/p>\n<p>&nbsp;<\/p>\n<p>La ceremonia de apertura cont\u00f3 con la presencia de autoridades nacionales, entre ellas la del secretario de Agricultura, el Sr. Juan Jos\u00e9 Bahillo; representantes de SENASA y el presidente de CAPIA. Esto denota la importancia del dialogo e interacci\u00f3n de los sectores p\u00fablicos y privados con la avicultura argentina.<\/p>\n<p>&nbsp;<\/p>\n<p><img decoding=\"async\" loading=\"lazy\" class=\"alignnone wp-image-950\" src=\"https:\/\/www.grupomotta.com\/wp-content\/uploads\/2023\/11\/foto2-300x185.png\" alt=\"\" width=\"663\" height=\"409\" srcset=\"https:\/\/www.grupomotta.com\/wp-content\/uploads\/2023\/11\/foto2-300x185.png 300w, https:\/\/www.grupomotta.com\/wp-content\/uploads\/2023\/11\/foto2-1024x631.png 1024w, https:\/\/www.grupomotta.com\/wp-content\/uploads\/2023\/11\/foto2-768x473.png 768w, https:\/\/www.grupomotta.com\/wp-content\/uploads\/2023\/11\/foto2-18x12.png 18w, https:\/\/www.grupomotta.com\/wp-content\/uploads\/2023\/11\/foto2.png 1200w\" sizes=\"(max-width: 663px) 100vw, 663px\" \/><\/p>\n<p>&nbsp;<\/p>\n<p>El Mtr. H\u00e9ctor Motta, presidente de Grupo Motta, se\u00f1al\u00f3 que \u201caunque se not\u00f3 la presencia de productores, no se alcanzaron las expectativas in\u00edciales de visitantes. Sin embargo, como impulsor y fundador de la exposici\u00f3n anterior denominada Austral, resalto la continuidad y evoluci\u00f3n de la Expo Av\u00edcola a lo largo de m\u00e1s de diez ediciones\u201d.<br \/>\nLa feria, que inicialmente ten\u00eda como objetivo posicionar a Argentina como un productor a nivel mundial, ha evolucionado con \u00e9xito. H\u00e9ctor Motta reconoci\u00f3 la importancia de diversificar, la incorporaci\u00f3n del sector porcino demostr\u00f3 ser una decisi\u00f3n acertada con resultados positivos.<\/p>\n<p>&nbsp;<\/p>\n<p><img decoding=\"async\" loading=\"lazy\" class=\"alignnone wp-image-949\" src=\"https:\/\/www.grupomotta.com\/wp-content\/uploads\/2023\/11\/foto3-300x185.png\" alt=\"\" width=\"662\" height=\"408\" srcset=\"https:\/\/www.grupomotta.com\/wp-content\/uploads\/2023\/11\/foto3-300x185.png 300w, https:\/\/www.grupomotta.com\/wp-content\/uploads\/2023\/11\/foto3-1024x630.png 1024w, https:\/\/www.grupomotta.com\/wp-content\/uploads\/2023\/11\/foto3-768x472.png 768w, https:\/\/www.grupomotta.com\/wp-content\/uploads\/2023\/11\/foto3-18x12.png 18w, https:\/\/www.grupomotta.com\/wp-content\/uploads\/2023\/11\/foto3.png 1200w\" sizes=\"(max-width: 662px) 100vw, 662px\" \/><\/p>\n<p>&nbsp;<\/p>\n<p>En esta edici\u00f3n, Grupo Motta gener\u00f3 capacitaciones e intercambios sobre aspectos productivos y comerciales del sector. Adem\u00e1s, propici\u00f3 la participaci\u00f3n del Instituto Tecnol\u00f3gico Universitario de Crespo llevando a diecisiete alumnos y docentes, junto a dos egresados que desempe\u00f1an actividades en plantas de incubaci\u00f3n del Grupo Motta.<\/p>\n<p>El encuentro de empresas e instituciones del sector fortalece la industria av\u00edcola argentina tanto internamente como internacionalmente, y Grupo Motta es art\u00edfice continuo de este crecimiento.<\/p>\n<p>&nbsp;<\/p>\n<p><iframe loading=\"lazy\" title=\"Grupo Motta en la Expo Av\u00edcola y Porcinos 2023\" width=\"1200\" height=\"675\" src=\"https:\/\/www.youtube.com\/embed\/bCLyElY9w_4?feature=oembed\" frameborder=\"0\" allow=\"accelerometer; autoplay; clipboard-write; encrypted-media; gyroscope; picture-in-picture; web-share\" allowfullscreen><\/iframe><\/p>\n<p>&nbsp;<\/p>","protected":false},"excerpt":{"rendered":"<p>Grupo Motta en la Expo Av\u00edcola y Porcinos 2023 Unidos para ser Grandes. &nbsp; Grupo Motta particip\u00f3 de la Expo Av\u00edcola 2023 que se llev\u00f3 a cabo en la Rural de Palermo, en CABA, del 8 al 10 de noviembre. En esta oportunidad el stand present\u00f3 el lema \u201cUnidos para ser grandes\u201d reflejando su vocaci\u00f3n&hellip;<\/p>","protected":false},"author":5,"featured_media":949,"comment_status":"closed","ping_status":"closed","sticky":false,"template":"","format":"standard","meta":{"footnotes":""},"categories":[11],"tags":[],"yst_prominent_words":[535,103,233,538,536,534,44,37,106,99,473,45,291,100,228,537,533],"publishpress_future_action":{"enabled":false,"date":"2026-05-09 05:14:17","action":"draft","terms":[],"taxonomy":"category"},"_links":{"self":[{"href":"https:\/\/www.grupomotta.com\/en\/wp-json\/wp\/v2\/posts\/946"}],"collection":[{"href":"https:\/\/www.grupomotta.com\/en\/wp-json\/wp\/v2\/posts"}],"about":[{"href":"https:\/\/www.grupomotta.com\/en\/wp-json\/wp\/v2\/types\/post"}],"author":[{"embeddable":true,"href":"https:\/\/www.grupomotta.com\/en\/wp-json\/wp\/v2\/users\/5"}],"replies":[{"embeddable":true,"href":"https:\/\/www.grupomotta.com\/en\/wp-json\/wp\/v2\/comments?post=946"}],"version-history":[{"count":3,"href":"https:\/\/www.grupomotta.com\/en\/wp-json\/wp\/v2\/posts\/946\/revisions"}],"predecessor-version":[{"id":952,"href":"https:\/\/www.grupomotta.com\/en\/wp-json\/wp\/v2\/posts\/946\/revisions\/952"}],"wp:featuredmedia":[{"embeddable":true,"href":"https:\/\/www.grupomotta.com\/en\/wp-json\/wp\/v2\/media\/949"}],"wp:attachment":[{"href":"https:\/\/www.grupomotta.com\/en\/wp-json\/wp\/v2\/media?parent=946"}],"wp:term":[{"taxonomy":"category","embeddable":true,"href":"https:\/\/www.grupomotta.com\/en\/wp-json\/wp\/v2\/categories?post=946"},{"taxonomy":"post_tag","embeddable":true,"href":"https:\/\/www.grupomotta.com\/en\/wp-json\/wp\/v2\/tags?post=946"},{"taxonomy":"yst_prominent_words","embeddable":true,"href":"https:\/\/www.grupomotta.com\/en\/wp-json\/wp\/v2\/yst_prominent_words?post=946"}],"curies":[{"name":"wp","href":"https:\/\/api.w.org\/{rel}","templated":true}]}}