{"id":13573,"date":"2026-03-10T12:46:55","date_gmt":"2026-03-10T15:46:55","guid":{"rendered":"https:\/\/www.grupomotta.com\/?p=13573"},"modified":"2026-04-23T09:39:48","modified_gmt":"2026-04-23T12:39:48","slug":"afideer-2026","status":"publish","type":"post","link":"https:\/\/www.grupomotta.com\/en\/afideer-2026\/","title":{"rendered":"C\u00e1tedras H\u00e9ctor Motta UAP y USAL"},"content":{"rendered":"<h1>Inici\u00f3 la agenda 2026 y fortaleci\u00f3 la identidad acad\u00e9mica y emprendedora<\/h1>\n<hr \/>\n<p data-pm-slice=\"1 1 []\">El Consorcio <strong>AFIDEER <\/strong>dio comienzo al a\u00f1o con una jornada de trabajo en la Universidad Adventista del Plata (UAP), encabezada por <strong>H\u00e9ctor Motta<\/strong>, presidente del consorcio, junto al rector Horacio Risso. Durante el encuentro, se ratific\u00f3 el compromiso con el emprendedurismo y se definieron las principales acciones para 2026, integrando a empresas, universidades e instituciones.<\/p>\n<p>Un aspecto destacado fue el reconocimiento acad\u00e9mico que tom\u00f3 forma a trav\u00e9s de las C\u00e1tedras <strong>\u201cH\u00e9ctor Motta \u2013 Emprendimiento, Innovaci\u00f3n y Sustentabilidad\u201d<\/strong>, tanto en la UAP como en la Universidad de Salamanca. Este avance refuerza la identidad educativa y de liderazgo formador que impulsa el presidente de Grupo Motta, contribuyendo al desarrollo de j\u00f3venes y al fortalecimiento del ecosistema de innovaci\u00f3n regional.<\/p>\n<p data-pm-slice=\"1 1 []\"><img decoding=\"async\" loading=\"lazy\" class=\"size-full wp-image-13577 aligncenter\" src=\"https:\/\/www.grupomotta.com\/wp-content\/uploads\/2026\/03\/whatsapp-image-2026-03-09-at-8.48.10-am-1.jpeg\" alt=\"\" width=\"1200\" height=\"675\" srcset=\"https:\/\/www.grupomotta.com\/wp-content\/uploads\/2026\/03\/whatsapp-image-2026-03-09-at-8.48.10-am-1.jpeg 1200w, https:\/\/www.grupomotta.com\/wp-content\/uploads\/2026\/03\/whatsapp-image-2026-03-09-at-8.48.10-am-1-300x169.jpeg 300w, https:\/\/www.grupomotta.com\/wp-content\/uploads\/2026\/03\/whatsapp-image-2026-03-09-at-8.48.10-am-1-1024x576.jpeg 1024w, https:\/\/www.grupomotta.com\/wp-content\/uploads\/2026\/03\/whatsapp-image-2026-03-09-at-8.48.10-am-1-768x432.jpeg 768w, https:\/\/www.grupomotta.com\/wp-content\/uploads\/2026\/03\/whatsapp-image-2026-03-09-at-8.48.10-am-1-18x10.jpeg 18w\" sizes=\"(max-width: 1200px) 100vw, 1200px\" \/><\/p>\n<p data-pm-slice=\"1 1 []\">En este marco, se plantearon prioridades para el nuevo a\u00f1o y se revisaron aspectos organizativos, presupuestarios y oportunidades de mejora. Asimismo, se compartieron avances de los proyectos premiados en el Desaf\u00edo de Innovaci\u00f3n 2025, actualmente en etapa de incubaci\u00f3n.<\/p>\n<p data-pm-slice=\"1 1 []\"><img decoding=\"async\" loading=\"lazy\" class=\"size-full wp-image-13578 aligncenter\" src=\"https:\/\/www.grupomotta.com\/wp-content\/uploads\/2026\/03\/whatsapp-image-2026-03-09-at-8.48.09-am-1-1.jpeg\" alt=\"\" width=\"1200\" height=\"556\" srcset=\"https:\/\/www.grupomotta.com\/wp-content\/uploads\/2026\/03\/whatsapp-image-2026-03-09-at-8.48.09-am-1-1.jpeg 1200w, https:\/\/www.grupomotta.com\/wp-content\/uploads\/2026\/03\/whatsapp-image-2026-03-09-at-8.48.09-am-1-1-300x139.jpeg 300w, https:\/\/www.grupomotta.com\/wp-content\/uploads\/2026\/03\/whatsapp-image-2026-03-09-at-8.48.09-am-1-1-1024x474.jpeg 1024w, https:\/\/www.grupomotta.com\/wp-content\/uploads\/2026\/03\/whatsapp-image-2026-03-09-at-8.48.09-am-1-1-768x356.jpeg 768w, https:\/\/www.grupomotta.com\/wp-content\/uploads\/2026\/03\/whatsapp-image-2026-03-09-at-8.48.09-am-1-1-18x8.jpeg 18w\" sizes=\"(max-width: 1200px) 100vw, 1200px\" \/><\/p>\n<p data-pm-slice=\"1 1 []\">Otro eje clave fue el abordaje de los desaf\u00edos y oportunidades de la Inteligencia Artificial, entendida como herramienta estrat\u00e9gica para potenciar iniciativas educativas y productivas. Asimismo, se confirm\u00f3 la continuidad del convenio con la Universidad de Salamanca y la proyecci\u00f3n de la participaci\u00f3n entrerriana en el XIV Congreso AFIDE 2026 en Panam\u00e1.<\/p>\n<p>AFIDEER contin\u00faa consolidando un espacio que integra formaci\u00f3n, innovaci\u00f3n y visi\u00f3n a largo plazo, con el prop\u00f3sito de multiplicar oportunidades para j\u00f3venes y para el sector productivo de la regi\u00f3n.<\/p>\n<p><a href=\"https:\/\/www.instagram.com\/reel\/DVjGeark6fA\/?utm_source=ig_web_copy_link&amp;igsh=MzRlODBiNWFlZA==\"><img decoding=\"async\" loading=\"lazy\" class=\"aligncenter wp-image-13580 size-full\" src=\"https:\/\/www.grupomotta.com\/wp-content\/uploads\/2026\/03\/portada-video.jpg\" alt=\"\" width=\"812\" height=\"1200\" srcset=\"https:\/\/www.grupomotta.com\/wp-content\/uploads\/2026\/03\/portada-video.jpg 812w, https:\/\/www.grupomotta.com\/wp-content\/uploads\/2026\/03\/portada-video-203x300.jpg 203w, https:\/\/www.grupomotta.com\/wp-content\/uploads\/2026\/03\/portada-video-693x1024.jpg 693w, https:\/\/www.grupomotta.com\/wp-content\/uploads\/2026\/03\/portada-video-768x1135.jpg 768w, https:\/\/www.grupomotta.com\/wp-content\/uploads\/2026\/03\/portada-video-8x12.jpg 8w\" sizes=\"(max-width: 812px) 100vw, 812px\" \/><\/a><\/p>","protected":false},"excerpt":{"rendered":"<p>Inici\u00f3 la agenda 2026 y fortaleci\u00f3 la identidad acad\u00e9mica y emprendedora El Consorcio AFIDEER dio comienzo al a\u00f1o con una jornada de trabajo en la Universidad Adventista del Plata (UAP), encabezada por H\u00e9ctor Motta, presidente del consorcio, junto al rector Horacio Risso. Durante el encuentro, se ratific\u00f3 el compromiso con el emprendedurismo y se definieron&hellip;<\/p>","protected":false},"author":8,"featured_media":13576,"comment_status":"closed","ping_status":"closed","sticky":false,"template":"","format":"standard","meta":{"footnotes":""},"categories":[1],"tags":[],"yst_prominent_words":[912,916,863,466,106,99,913,503,918,45,915,100,917,559,713,914],"publishpress_future_action":{"enabled":false,"date":"2026-05-04 12:50:46","action":"draft","terms":[],"taxonomy":"category"},"_links":{"self":[{"href":"https:\/\/www.grupomotta.com\/en\/wp-json\/wp\/v2\/posts\/13573"}],"collection":[{"href":"https:\/\/www.grupomotta.com\/en\/wp-json\/wp\/v2\/posts"}],"about":[{"href":"https:\/\/www.grupomotta.com\/en\/wp-json\/wp\/v2\/types\/post"}],"author":[{"embeddable":true,"href":"https:\/\/www.grupomotta.com\/en\/wp-json\/wp\/v2\/users\/8"}],"replies":[{"embeddable":true,"href":"https:\/\/www.grupomotta.com\/en\/wp-json\/wp\/v2\/comments?post=13573"}],"version-history":[{"count":6,"href":"https:\/\/www.grupomotta.com\/en\/wp-json\/wp\/v2\/posts\/13573\/revisions"}],"predecessor-version":[{"id":13598,"href":"https:\/\/www.grupomotta.com\/en\/wp-json\/wp\/v2\/posts\/13573\/revisions\/13598"}],"wp:featuredmedia":[{"embeddable":true,"href":"https:\/\/www.grupomotta.com\/en\/wp-json\/wp\/v2\/media\/13576"}],"wp:attachment":[{"href":"https:\/\/www.grupomotta.com\/en\/wp-json\/wp\/v2\/media?parent=13573"}],"wp:term":[{"taxonomy":"category","embeddable":true,"href":"https:\/\/www.grupomotta.com\/en\/wp-json\/wp\/v2\/categories?post=13573"},{"taxonomy":"post_tag","embeddable":true,"href":"https:\/\/www.grupomotta.com\/en\/wp-json\/wp\/v2\/tags?post=13573"},{"taxonomy":"yst_prominent_words","embeddable":true,"href":"https:\/\/www.grupomotta.com\/en\/wp-json\/wp\/v2\/yst_prominent_words?post=13573"}],"curies":[{"name":"wp","href":"https:\/\/api.w.org\/{rel}","templated":true}]}}