{"id":13374,"date":"2025-06-23T12:57:52","date_gmt":"2025-06-23T15:57:52","guid":{"rendered":"https:\/\/www.grupomotta.com\/?p=13374"},"modified":"2025-06-23T12:57:52","modified_gmt":"2025-06-23T15:57:52","slug":"estas-bien-estamos-bien","status":"publish","type":"post","link":"https:\/\/www.grupomotta.com\/en\/estas-bien-estamos-bien\/","title":{"rendered":"\u201cEst\u00e1s bien, estamos bien\u201d"},"content":{"rendered":"<h1><img decoding=\"async\" loading=\"lazy\" class=\"alignnone wp-image-13376\" src=\"https:\/\/www.grupomotta.com\/wp-content\/uploads\/2025\/06\/header-300x104.jpg\" alt=\"\" width=\"952\" height=\"330\" srcset=\"https:\/\/www.grupomotta.com\/wp-content\/uploads\/2025\/06\/header-300x104.jpg 300w, https:\/\/www.grupomotta.com\/wp-content\/uploads\/2025\/06\/header-1024x355.jpg 1024w, https:\/\/www.grupomotta.com\/wp-content\/uploads\/2025\/06\/header-768x266.jpg 768w, https:\/\/www.grupomotta.com\/wp-content\/uploads\/2025\/06\/header-18x6.jpg 18w, https:\/\/www.grupomotta.com\/wp-content\/uploads\/2025\/06\/header.jpg 1200w\" sizes=\"(max-width: 952px) 100vw, 952px\" \/><\/h1>\n<h1>Plan anual de Salud de Grupo Motta.<\/h1>\n<hr \/>\n<p>Como parte del programa Activamos y del Plan Anual de Salud de Grupo Motta, se desarrollaron dos jornadas de controles integrales reafirmando el compromiso con la prevenci\u00f3n y el bienestar de las personas.<\/p>\n<p>Los d\u00edas 10 y 13 de junio, con la participaci\u00f3n de estudiantes de 4\u00ba a\u00f1o de la carrera de Medicina de la Universidad Adventista del Plata, se realizaron diversas actividades incluida la realizaci\u00f3n de controles gratuitos y voluntarios.<\/p>\n<p><img decoding=\"async\" loading=\"lazy\" class=\"alignnone wp-image-13393\" src=\"https:\/\/www.grupomotta.com\/wp-content\/uploads\/2025\/06\/gm-pa-salud-1-2.jpg\" alt=\"\" width=\"960\" height=\"794\" srcset=\"https:\/\/www.grupomotta.com\/wp-content\/uploads\/2025\/06\/gm-pa-salud-1-2.jpg 962w, https:\/\/www.grupomotta.com\/wp-content\/uploads\/2025\/06\/gm-pa-salud-1-2-300x248.jpg 300w, https:\/\/www.grupomotta.com\/wp-content\/uploads\/2025\/06\/gm-pa-salud-1-2-768x635.jpg 768w, https:\/\/www.grupomotta.com\/wp-content\/uploads\/2025\/06\/gm-pa-salud-1-2-15x12.jpg 15w\" sizes=\"(max-width: 960px) 100vw, 960px\" \/><\/p>\n<p>Bajo el lema <strong>\u201cEst\u00e1s bien, estamos bien\u201d<\/strong>, la iniciativa estuvo destinada al personal de todas las plantas de Grupo Motta y a las comunidades de General Racedo y Gobernador Etchevehere, fortaleciendo el v\u00ednculo con el entorno y promoviendo una cultura de salud y autocuidado.<\/p>\n<p><img decoding=\"async\" loading=\"lazy\" class=\"alignnone wp-image-13389\" src=\"https:\/\/www.grupomotta.com\/wp-content\/uploads\/2025\/06\/gm-pa-salud-2-1.jpg\" alt=\"\" width=\"960\" height=\"1300\" \/><\/p>\n<p>Durante las jornadas se midieron peso, talla, presi\u00f3n arterial, glucemia y se detectaron posibles factores de riesgo para enfermedades cardiovasculares y metab\u00f3licas. Esta acci\u00f3n se enmarca en los <strong>Objetivos de Desarrollo Sostenible (ODS)<\/strong>, en particular: <strong>ODS 3: Salud y bienestar<\/strong>,<strong> ODS 4: Educaci\u00f3n de calidad<\/strong>, a trav\u00e9s del v\u00ednculo con estudiantes en formaci\u00f3n y <strong>el ODS 17: Alianzas para lograr los objetivos<\/strong>, mediante la articulaci\u00f3n entre empresa, universidad y comunidad.<\/p>\n<p><img decoding=\"async\" loading=\"lazy\" class=\"alignnone wp-image-13403 size-full\" src=\"https:\/\/www.grupomotta.com\/wp-content\/uploads\/2025\/06\/gm-pa-salud-3.jpg\" alt=\"\" width=\"960\" height=\"1023\" srcset=\"https:\/\/www.grupomotta.com\/wp-content\/uploads\/2025\/06\/gm-pa-salud-3.jpg 960w, https:\/\/www.grupomotta.com\/wp-content\/uploads\/2025\/06\/gm-pa-salud-3-282x300.jpg 282w, https:\/\/www.grupomotta.com\/wp-content\/uploads\/2025\/06\/gm-pa-salud-3-768x818.jpg 768w, https:\/\/www.grupomotta.com\/wp-content\/uploads\/2025\/06\/gm-pa-salud-3-11x12.jpg 11w\" sizes=\"(max-width: 960px) 100vw, 960px\" \/><iframe loading=\"lazy\" title=\"YouTube video player\" src=\"https:\/\/www.youtube.com\/embed\/7mnG3wvaLyI?si=P44RdQUPgjJr15ex\" width=\"950\" height=\"495\" frameborder=\"0\" allowfullscreen=\"allowfullscreen\"><\/iframe><\/p>","protected":false},"excerpt":{"rendered":"<p>Plan anual de Salud de Grupo Motta. Como parte del programa Activamos y del Plan Anual de Salud de Grupo Motta, se desarrollaron dos jornadas de controles integrales reafirmando el compromiso con la prevenci\u00f3n y el bienestar de las personas. Los d\u00edas 10 y 13 de junio, con la participaci\u00f3n de estudiantes de 4\u00ba a\u00f1o&hellip;<\/p>","protected":false},"author":8,"featured_media":13402,"comment_status":"closed","ping_status":"closed","sticky":false,"template":"","format":"standard","meta":{"footnotes":""},"categories":[13,1],"tags":[],"yst_prominent_words":[725,723,831,829,731,830,44,37,287,45,230,221,551,724,722,53,833,832,713,608],"publishpress_future_action":{"enabled":false,"date":"2026-05-08 00:13:09","action":"draft","terms":[],"taxonomy":"category"},"_links":{"self":[{"href":"https:\/\/www.grupomotta.com\/en\/wp-json\/wp\/v2\/posts\/13374"}],"collection":[{"href":"https:\/\/www.grupomotta.com\/en\/wp-json\/wp\/v2\/posts"}],"about":[{"href":"https:\/\/www.grupomotta.com\/en\/wp-json\/wp\/v2\/types\/post"}],"author":[{"embeddable":true,"href":"https:\/\/www.grupomotta.com\/en\/wp-json\/wp\/v2\/users\/8"}],"replies":[{"embeddable":true,"href":"https:\/\/www.grupomotta.com\/en\/wp-json\/wp\/v2\/comments?post=13374"}],"version-history":[{"count":11,"href":"https:\/\/www.grupomotta.com\/en\/wp-json\/wp\/v2\/posts\/13374\/revisions"}],"predecessor-version":[{"id":13404,"href":"https:\/\/www.grupomotta.com\/en\/wp-json\/wp\/v2\/posts\/13374\/revisions\/13404"}],"wp:featuredmedia":[{"embeddable":true,"href":"https:\/\/www.grupomotta.com\/en\/wp-json\/wp\/v2\/media\/13402"}],"wp:attachment":[{"href":"https:\/\/www.grupomotta.com\/en\/wp-json\/wp\/v2\/media?parent=13374"}],"wp:term":[{"taxonomy":"category","embeddable":true,"href":"https:\/\/www.grupomotta.com\/en\/wp-json\/wp\/v2\/categories?post=13374"},{"taxonomy":"post_tag","embeddable":true,"href":"https:\/\/www.grupomotta.com\/en\/wp-json\/wp\/v2\/tags?post=13374"},{"taxonomy":"yst_prominent_words","embeddable":true,"href":"https:\/\/www.grupomotta.com\/en\/wp-json\/wp\/v2\/yst_prominent_words?post=13374"}],"curies":[{"name":"wp","href":"https:\/\/api.w.org\/{rel}","templated":true}]}}